{"id":31491,"date":"2024-08-22T23:35:27","date_gmt":"2024-08-22T21:35:27","guid":{"rendered":"https:\/\/arcars.be\/comment-preparer-votre-voiture-pour-lhiver-un-guide-complet-pour-preparer-votre-vehicule-a-lhiver\/"},"modified":"2024-08-23T03:13:10","modified_gmt":"2024-08-23T01:13:10","slug":"comment-preparer-votre-voiture-pour-lhiver-un-guide-complet-pour-preparer-votre-vehicule-a-lhiver","status":"publish","type":"post","link":"https:\/\/arcars.be\/fr\/comment-preparer-votre-voiture-pour-lhiver-un-guide-complet-pour-preparer-votre-vehicule-a-lhiver\/","title":{"rendered":"Comment pr\u00e9parer votre voiture pour l&#8217;hiver : Un guide complet pour pr\u00e9parer votre v\u00e9hicule \u00e0 l&#8217;hiver"},"content":{"rendered":"\t\t<div data-elementor-type=\"wp-post\" data-elementor-id=\"31491\" class=\"elementor elementor-31491 elementor-30166\" data-elementor-post-type=\"post\">\n\t\t\t\t<div class=\"elementor-element elementor-element-1a7a681 e-flex e-con-boxed e-con e-parent\" data-id=\"1a7a681\" data-element_type=\"container\">\n\t\t\t\t\t<div class=\"e-con-inner\">\n\t\t\t\t<div class=\"elementor-element elementor-element-ba6be7a elementor-widget elementor-widget-heading\" data-id=\"ba6be7a\" data-element_type=\"widget\" data-widget_type=\"heading.default\">\n\t\t\t\t<div class=\"elementor-widget-container\">\n\t\t\t<style>\/*! elementor - v3.23.0 - 05-08-2024 *\/\n.elementor-heading-title{padding:0;margin:0;line-height:1}.elementor-widget-heading .elementor-heading-title[class*=elementor-size-]>a{color:inherit;font-size:inherit;line-height:inherit}.elementor-widget-heading .elementor-heading-title.elementor-size-small{font-size:15px}.elementor-widget-heading .elementor-heading-title.elementor-size-medium{font-size:19px}.elementor-widget-heading .elementor-heading-title.elementor-size-large{font-size:29px}.elementor-widget-heading .elementor-heading-title.elementor-size-xl{font-size:39px}.elementor-widget-heading .elementor-heading-title.elementor-size-xxl{font-size:59px}<\/style><h2 class=\"elementor-heading-title elementor-size-default\">Introduction :<\/h2>\t\t<\/div>\n\t\t\t\t<\/div>\n\t\t\t\t<div class=\"elementor-element elementor-element-7758cba elementor-widget elementor-widget-text-editor\" data-id=\"7758cba\" data-element_type=\"widget\" data-widget_type=\"text-editor.default\">\n\t\t\t\t<div class=\"elementor-widget-container\">\n\t\t\t<style>\/*! elementor - v3.23.0 - 05-08-2024 *\/\n.elementor-widget-text-editor.elementor-drop-cap-view-stacked .elementor-drop-cap{background-color:#69727d;color:#fff}.elementor-widget-text-editor.elementor-drop-cap-view-framed .elementor-drop-cap{color:#69727d;border:3px solid;background-color:transparent}.elementor-widget-text-editor:not(.elementor-drop-cap-view-default) .elementor-drop-cap{margin-top:8px}.elementor-widget-text-editor:not(.elementor-drop-cap-view-default) .elementor-drop-cap-letter{width:1em;height:1em}.elementor-widget-text-editor .elementor-drop-cap{float:left;text-align:center;line-height:1;font-size:50px}.elementor-widget-text-editor .elementor-drop-cap-letter{display:inline-block}<\/style>\t\t\t\t<p>L&#8217;hiver n&#8217;est pas seulement dur pour vous, il l&#8217;est aussi pour votre voiture. Lorsque les temp\u00e9ratures baissent, votre v\u00e9hicule est confront\u00e9 \u00e0 une s\u00e9rie de probl\u00e8mes qui, s&#8217;ils ne sont pas r\u00e9solus, peuvent entra\u00eener des pannes et des r\u00e9parations co\u00fbteuses. Chez AR CARS, nous croyons qu&#8217;il faut se pr\u00e9parer au pire pour que vous puissiez profiter au maximum de l&#8217;hiver sans vous soucier de votre v\u00e9hicule.<\/p>\n\t\t\t\t\t\t<\/div>\n\t\t\t\t<\/div>\n\t\t\t\t<div class=\"elementor-element elementor-element-c26afad elementor-widget elementor-widget-image\" data-id=\"c26afad\" data-element_type=\"widget\" data-widget_type=\"image.default\">\n\t\t\t\t<div class=\"elementor-widget-container\">\n\t\t\t<style>\/*! elementor - v3.23.0 - 05-08-2024 *\/\n.elementor-widget-image{text-align:center}.elementor-widget-image a{display:inline-block}.elementor-widget-image a img[src$=\".svg\"]{width:48px}.elementor-widget-image img{vertical-align:middle;display:inline-block}<\/style>\t\t\t\t\t\t\t\t\t\t<img fetchpriority=\"high\" decoding=\"async\" width=\"683\" height=\"1024\" src=\"https:\/\/arcars.be\/wp-content\/uploads\/2024\/08\/rico-van-de-voorde-1BwtJLXI6LQ-unsplash-683x1024.jpg\" class=\"attachment-large size-large wp-image-30168\" alt=\"\" srcset=\"https:\/\/arcars.be\/wp-content\/uploads\/2024\/08\/rico-van-de-voorde-1BwtJLXI6LQ-unsplash-683x1024.jpg 683w, https:\/\/arcars.be\/wp-content\/uploads\/2024\/08\/rico-van-de-voorde-1BwtJLXI6LQ-unsplash-200x300.jpg 200w, https:\/\/arcars.be\/wp-content\/uploads\/2024\/08\/rico-van-de-voorde-1BwtJLXI6LQ-unsplash-768x1152.jpg 768w, https:\/\/arcars.be\/wp-content\/uploads\/2024\/08\/rico-van-de-voorde-1BwtJLXI6LQ-unsplash-1024x1536.jpg 1024w, https:\/\/arcars.be\/wp-content\/uploads\/2024\/08\/rico-van-de-voorde-1BwtJLXI6LQ-unsplash-1365x2048.jpg 1365w, https:\/\/arcars.be\/wp-content\/uploads\/2024\/08\/rico-van-de-voorde-1BwtJLXI6LQ-unsplash-1320x1980.jpg 1320w, https:\/\/arcars.be\/wp-content\/uploads\/2024\/08\/rico-van-de-voorde-1BwtJLXI6LQ-unsplash-600x900.jpg 600w, https:\/\/arcars.be\/wp-content\/uploads\/2024\/08\/rico-van-de-voorde-1BwtJLXI6LQ-unsplash-scaled.jpg 1707w\" sizes=\"(max-width: 683px) 100vw, 683px\" \/>\t\t\t\t\t\t\t\t\t\t\t\t\t<\/div>\n\t\t\t\t<\/div>\n\t\t\t\t<div class=\"elementor-element elementor-element-7a0dab6 elementor-widget elementor-widget-heading\" data-id=\"7a0dab6\" data-element_type=\"widget\" data-widget_type=\"heading.default\">\n\t\t\t\t<div class=\"elementor-widget-container\">\n\t\t\t<h2 class=\"elementor-heading-title elementor-size-default\">Pourquoi l'hivernage de votre voiture est essentiel :<\/h2>\t\t<\/div>\n\t\t\t\t<\/div>\n\t\t\t\t<div class=\"elementor-element elementor-element-f796fbf elementor-widget elementor-widget-text-editor\" data-id=\"f796fbf\" data-element_type=\"widget\" data-widget_type=\"text-editor.default\">\n\t\t\t\t<div class=\"elementor-widget-container\">\n\t\t\t\t\t\t\t<p>L&#8217;hiver est synonyme de neige, de glace et de froid, autant de facteurs qui mettent votre v\u00e9hicule \u00e0 rude \u00e9preuve. De votre batterie \u00e0 vos pneus, chaque composant doit \u00eatre en parfait \u00e9tat pour r\u00e9sister aux mois d&#8217;hiver. Si vous ne vous pr\u00e9parez pas, vous risquez de rester bloqu\u00e9, au sens propre comme au sens figur\u00e9.<\/p>\n\t\t\t\t\t\t<\/div>\n\t\t\t\t<\/div>\n\t\t\t\t<div class=\"elementor-element elementor-element-42502f9 elementor-widget elementor-widget-heading\" data-id=\"42502f9\" data-element_type=\"widget\" data-widget_type=\"heading.default\">\n\t\t\t\t<div class=\"elementor-widget-container\">\n\t\t\t<h2 class=\"elementor-heading-title elementor-size-default\">Liste de contr\u00f4le de l'hivernage, \u00e9tape par \u00e9tape :<\/h2>\t\t<\/div>\n\t\t\t\t<\/div>\n\t\t\t\t<div class=\"elementor-element elementor-element-0232496 elementor-widget elementor-widget-text-editor\" data-id=\"0232496\" data-element_type=\"widget\" data-widget_type=\"text-editor.default\">\n\t\t\t\t<div class=\"elementor-widget-container\">\n\t\t\t\t\t\t\t<ul>\n<li><strong>Bilan de sant\u00e9 de la batterie :<\/strong> Le froid peut r\u00e9duire consid\u00e9rablement l&#8217;efficacit\u00e9 de votre batterie. Chez AR CARS, nous testons votre batterie pour nous assurer qu&#8217;elle est suffisamment puissante pour d\u00e9marrer votre voiture les matins glac\u00e9s. Nous le remplacerons si n\u00e9cessaire, afin que vous ne restiez pas dans le froid.<\/li>\n<li><strong>Inspection et changement des pneus :<\/strong> Les pneus d&#8217;hiver sont indispensables si vous conduisez sur du verglas ou de la neige. Nous v\u00e9rifions la bande de roulement de vos pneus et rempla\u00e7ons vos pneus d&#8217;\u00e9t\u00e9 par des pneus d&#8217;hiver, afin de garantir une adh\u00e9rence et une s\u00e9curit\u00e9 maximales sur les routes glissantes.<\/li>\n<li><strong>Contr\u00f4le des fluides :<\/strong> Les liquides de votre voiture, en particulier le liquide de refroidissement et le lave-glace, doivent \u00eatre pr\u00eats pour l&#8217;hiver. Nous veillons \u00e0 ce qu&#8217;ils soient remplis avec les formules appropri\u00e9es pour les temps froids afin d&#8217;\u00e9viter le gel et d&#8217;assurer un fonctionnement sans heurts.<\/li>\n<li><strong>Inspection des freins :<\/strong> Les routes d&#8217;hiver peuvent \u00eatre tra\u00eetresses, ce qui rend l&#8217;efficacit\u00e9 des freins plus cruciale que jamais. Nous inspectons vos plaquettes de frein et vos rotors pour nous assurer qu&#8217;ils sont pr\u00eats pour la saison.<\/li>\n<li><strong>Syst\u00e8mes de chauffage et de d\u00e9givrage :<\/strong> Un chauffage qui fonctionne correctement n&#8217;est pas seulement une question de confort ; il est essentiel pour garder votre pare-brise d\u00e9gag\u00e9. Nous v\u00e9rifions votre syst\u00e8me de chauffage pour nous assurer qu&#8217;il fonctionne efficacement.<\/li>\n<\/ul>\n\t\t\t\t\t\t<\/div>\n\t\t\t\t<\/div>\n\t\t\t\t<div class=\"elementor-element elementor-element-8d61c19 elementor-widget elementor-widget-heading\" data-id=\"8d61c19\" data-element_type=\"widget\" data-widget_type=\"heading.default\">\n\t\t\t\t<div class=\"elementor-widget-container\">\n\t\t\t<h2 class=\"elementor-heading-title elementor-size-default\">Le kit d'hivernage AR CARS :<\/h2>\t\t<\/div>\n\t\t\t\t<\/div>\n\t\t\t\t<div class=\"elementor-element elementor-element-958ca83 elementor-widget elementor-widget-text-editor\" data-id=\"958ca83\" data-element_type=\"widget\" data-widget_type=\"text-editor.default\">\n\t\t\t\t<div class=\"elementor-widget-container\">\n\t\t\t\t\t\t\t<p>Chez AR CARS, nous proposons un service d&#8217;hivernage complet qui couvre tout ce dont votre voiture a besoin pour affronter les mois froids. Nos techniciens exp\u00e9riment\u00e9s utilisent un \u00e9quipement de pointe pour effectuer des contr\u00f4les approfondis et proc\u00e9der aux ajustements n\u00e9cessaires, afin que votre v\u00e9hicule soit parfaitement pr\u00e9par\u00e9.<\/p>\n\t\t\t\t\t\t<\/div>\n\t\t\t\t<\/div>\n\t\t\t\t<div class=\"elementor-element elementor-element-7b216b3 elementor-widget elementor-widget-image\" data-id=\"7b216b3\" data-element_type=\"widget\" data-widget_type=\"image.default\">\n\t\t\t\t<div class=\"elementor-widget-container\">\n\t\t\t\t\t\t\t\t\t\t\t\t\t<img decoding=\"async\" src=\"\" title=\"\" alt=\"daniel-foster-kqhF9kF6J0A-unsplash\" loading=\"lazy\" \/>\t\t\t\t\t\t\t\t\t\t\t\t\t<\/div>\n\t\t\t\t<\/div>\n\t\t\t\t<div class=\"elementor-element elementor-element-e01c6ff elementor-widget elementor-widget-heading\" data-id=\"e01c6ff\" data-element_type=\"widget\" data-widget_type=\"heading.default\">\n\t\t\t\t<div class=\"elementor-widget-container\">\n\t\t\t<h2 class=\"elementor-heading-title elementor-size-default\">Conseils p\u00e9dagogiques pour la conduite en hiver :<\/h2>\t\t<\/div>\n\t\t\t\t<\/div>\n\t\t\t\t<div class=\"elementor-element elementor-element-3785d08 elementor-widget elementor-widget-text-editor\" data-id=\"3785d08\" data-element_type=\"widget\" data-widget_type=\"text-editor.default\">\n\t\t\t\t<div class=\"elementor-widget-container\">\n\t\t\t\t\t\t\t<ul>\n<li><strong>Pr\u00e9voyez du temps suppl\u00e9mentaire :<\/strong> les conditions hivernales sont souvent synonymes de ralentissement des d\u00e9placements. Donnez-vous suffisamment de temps pour atteindre votre destination en toute s\u00e9curit\u00e9.<\/li>\n<li><strong>Conservez une trousse d&#8217;urgence :<\/strong> Equipez votre voiture de produits essentiels tels que des couvertures, une lampe de poche, une trousse de premiers soins et des en-cas. On ne sait jamais quand on peut en avoir besoin.<\/li>\n<li><strong>Conduisez prudemment :<\/strong> Acc\u00e9l\u00e9rez et freinez lentement pour garder le contr\u00f4le sur les routes verglac\u00e9es. N&#8217;oubliez pas que les ponts et les viaducs g\u00e8lent en premier.<\/li>\n<\/ul>\n\t\t\t\t\t\t<\/div>\n\t\t\t\t<\/div>\n\t\t\t\t<div class=\"elementor-element elementor-element-c314642 elementor-widget elementor-widget-heading\" data-id=\"c314642\" data-element_type=\"widget\" data-widget_type=\"heading.default\">\n\t\t\t\t<div class=\"elementor-widget-container\">\n\t\t\t<h2 class=\"elementor-heading-title elementor-size-default\">Conclusion :<\/h2>\t\t<\/div>\n\t\t\t\t<\/div>\n\t\t\t\t<div class=\"elementor-element elementor-element-e80b6a3 elementor-widget elementor-widget-text-editor\" data-id=\"e80b6a3\" data-element_type=\"widget\" data-widget_type=\"text-editor.default\">\n\t\t\t\t<div class=\"elementor-widget-container\">\n\t\t\t\t\t\t\t<p>Il n&#8217;est pas seulement judicieux de pr\u00e9parer votre voiture pour l&#8217;hiver, c&#8217;est aussi n\u00e9cessaire pour conduire en toute s\u00e9curit\u00e9 pendant les mois les plus froids. Avec AR CARS, vous pouvez \u00eatre s\u00fbr que votre v\u00e9hicule est pr\u00eat \u00e0 affronter les rigueurs de l&#8217;hiver.<\/p>\n<p>Pr\u00e9parez votre voiture pour l&#8217;hiver d\u00e8s aujourd&#8217;hui. R\u00e9servez votre service d&#8217;hivernage avec AR CARS sur <a href=\"https:\/\/arcars.be\/contact-us\/\" target=\"_new\" rel=\"noopener\">arcars.be.<\/a><\/p><\/p>\n\t\t\t\t\t\t<\/div>\n\t\t\t\t<\/div>\n\t\t\t\t\t<\/div>\n\t\t\t\t<\/div>\n\t\t\t\t<\/div>\n\t\t","protected":false},"excerpt":{"rendered":"<p>Introduction : L&#8217;hiver n&#8217;est pas seulement dur pour vous, il l&#8217;est aussi pour votre voiture. Lorsque les temp\u00e9ratures baissent, votre v\u00e9hicule est confront\u00e9 \u00e0 une s\u00e9rie de probl\u00e8mes qui, s&#8217;ils ne sont pas r\u00e9solus, peuvent entra\u00eener des pannes et des r\u00e9parations co\u00fbteuses. Chez AR CARS, nous croyons qu&#8217;il faut se pr\u00e9parer au pire pour que [&hellip;]<\/p>\n","protected":false},"author":1,"featured_media":31124,"comment_status":"open","ping_status":"open","sticky":false,"template":"","format":"standard","meta":{"_jetpack_memberships_contains_paid_content":false,"footnotes":""},"categories":[170,172,149,171],"tags":[131,175,174],"class_list":["post-31491","post","type-post","status-publish","format-standard","has-post-thumbnail","hentry","category-blog-fr","category-lentretien","category-non-classifiee","category-voiture","tag-blog","tag-entretien","tag-lhiver"],"jetpack_sharing_enabled":true,"jetpack_featured_media_url":"https:\/\/arcars.be\/wp-content\/uploads\/2024\/07\/2024_0630_16151400-scaled.jpg","_links":{"self":[{"href":"https:\/\/arcars.be\/fr\/wp-json\/wp\/v2\/posts\/31491","targetHints":{"allow":["GET"]}}],"collection":[{"href":"https:\/\/arcars.be\/fr\/wp-json\/wp\/v2\/posts"}],"about":[{"href":"https:\/\/arcars.be\/fr\/wp-json\/wp\/v2\/types\/post"}],"author":[{"embeddable":true,"href":"https:\/\/arcars.be\/fr\/wp-json\/wp\/v2\/users\/1"}],"replies":[{"embeddable":true,"href":"https:\/\/arcars.be\/fr\/wp-json\/wp\/v2\/comments?post=31491"}],"version-history":[{"count":3,"href":"https:\/\/arcars.be\/fr\/wp-json\/wp\/v2\/posts\/31491\/revisions"}],"predecessor-version":[{"id":31509,"href":"https:\/\/arcars.be\/fr\/wp-json\/wp\/v2\/posts\/31491\/revisions\/31509"}],"wp:featuredmedia":[{"embeddable":true,"href":"https:\/\/arcars.be\/fr\/wp-json\/wp\/v2\/media\/31124"}],"wp:attachment":[{"href":"https:\/\/arcars.be\/fr\/wp-json\/wp\/v2\/media?parent=31491"}],"wp:term":[{"taxonomy":"category","embeddable":true,"href":"https:\/\/arcars.be\/fr\/wp-json\/wp\/v2\/categories?post=31491"},{"taxonomy":"post_tag","embeddable":true,"href":"https:\/\/arcars.be\/fr\/wp-json\/wp\/v2\/tags?post=31491"}],"curies":[{"name":"wp","href":"https:\/\/api.w.org\/{rel}","templated":true}]}}